{"id":12186,"date":"2015-09-16T11:10:43","date_gmt":"2015-09-16T11:10:43","guid":{"rendered":"https:\/\/catalunyacasasfr.imbookingsecure.com\/?p=12186"},"modified":"2015-09-16T11:10:43","modified_gmt":"2015-09-16T11:10:43","slug":"catalogne-letat-independant-de-lespagne","status":"publish","type":"post","link":"https:\/\/www.catalunyacasas.com\/blog\/catalogne-letat-independant-de-lespagne\/","title":{"rendered":"Catalogne: L&#8217;etat \u00abind\u00e9pendant\u00bb de l&#8217;Espagne"},"content":{"rendered":"<p>Il n&#8217;est pas rare que les grands pays aient une r\u00e9gion avec une forte fibre ind\u00e9pendante. Le Canada a la Qu\u00e9bec; la Grande-Bretagne, l&#8217;\u00c9cosse; la Chine, Ta\u00efwan; l&#8217;Allemagne a la Bavi\u00e8re. L&#8217;Espagne, quant \u00e0 elle, a la Catalogne. Si l&#8217;id\u00e9e d&#8217;ind\u00e9pendance de la r\u00e9gion inspire des d\u00e9bats enflamm\u00e9s \u2013 politique, \u00e9conomie, tout y passe \u2013 cela ne veut pas dire que nous ne pouvons admirer la force et l&#8217;individualit\u00e9 de la r\u00e9gion.<\/p>\n<p>&nbsp;<\/p>\n<p><a href=\"https:\/\/fr-catalunyacasas.kigobook.com\/wp-content\/uploads\/sites\/916\/2018\/10\/shutterstock_182462858.jpg\"><img fetchpriority=\"high\" decoding=\"async\" class=\"aligncenter size-full wp-image-14246\" src=\"https:\/\/fr-catalunyacasas.kigobook.com\/wp-content\/uploads\/sites\/916\/2018\/10\/shutterstock_182462858.jpg\" alt=\"shutterstock_182462858\" width=\"1000\" height=\"667\" \/><\/a><\/p>\n<p>&nbsp;<\/p>\n<p>En effet, la Catalogne est une des r\u00e9gions les plus riches (et les plus grandes!) d&#8217;Espagne. Bien que les Catalans du territoire ne d\u00e9passent pas les 8 millions (sur environ 47 millions d&#8217;habitants en Espagne), ils produisent \u00e0 eux seuls 20% des richesses de l&#8217;Espagne. On ne peut leur reprocher de d\u00e9sirer plus d&#8217;autonomie quant \u00e0 la gestion de leurs ressources.<\/p>\n<p>&nbsp;<\/p>\n<p>Mais \u00ab ind\u00e9pendance\u00a0\u00bb et individualit\u00e9 catalane, c&#8217;est beaucoup plus qu&#8217;un mouvement politique ou que des manifestations. C&#8217;est aussi la c\u00e9l\u00e9bration de toutes les singularit\u00e9s que la r\u00e9gion a \u00e0 offrir. En louant une villa priv\u00e9e Costa Dorada, vous en d\u00e9couvrirez une foule \u2013 de la cuisine aux coutumes et \u00e0 la culture, la r\u00e9gion vous surprendra par sa diversit\u00e9. Voici quelques symboles cl\u00e9s de l&#8217;identit\u00e9 catalane que vous pourrez remarquer durant votre s\u00e9jour en Espagne\u00a0:<\/p>\n<p>&nbsp;<\/p>\n<p><strong>Senyera \u2013<\/strong> Drapeau officiel de Catalogne. C&#8217;est un symbole national pour les Catalans et une marque de leur identit\u00e9.<\/p>\n<p>&nbsp;<\/p>\n<p><strong>Langue \u2013<\/strong> Votre s\u00e9jour \u00e0 Barcelone a peine entam\u00e9, vous tendez l&#8217;oreille. En plus des expressions et phrases espagnoles que vous distinguez, il y a des discussions qui vous \u00e9chappent. Des mots que vous ne vous souvenez pas avoir appris pendant vos cours d&#8217;espagnol. Qu\u00e9 pasa?<\/p>\n<p>&nbsp;<\/p>\n<p>En fait, il y a deux langues officielles en Catalogne\u00a0: l&#8217;espagnol et le catalan. Jusqu&#8217;au bout de la langue, la Catalogne conserve une sorte de fiert\u00e9 dans sa distinction du reste de l&#8217;Espagne.<\/p>\n<p>&nbsp;<\/p>\n<p><a href=\"https:\/\/fr-catalunyacasas.kigobook.com\/wp-content\/uploads\/sites\/916\/2018\/10\/shutterstock_143175568.jpg\"><img decoding=\"async\" class=\"aligncenter size-full wp-image-14247\" src=\"https:\/\/fr-catalunyacasas.kigobook.com\/wp-content\/uploads\/sites\/916\/2018\/10\/shutterstock_143175568.jpg\" alt=\"shutterstock_143175568\" width=\"1000\" height=\"667\" \/><\/a><\/p>\n<p>&nbsp;<\/p>\n<p><strong>Barcelone \u2013<\/strong> Si vous avez une villa Barcelone, on n&#8217;a pas besoin de vous expliquer l&#8217;importance de cette ville. Toujours anim\u00e9e et moderne, Barcelone est la deuxi\u00e8me plus grande ville d&#8217;Espagne, de m\u00eame qu&#8217;un centre culturel d&#8217;Europe.<\/p>\n","protected":false},"excerpt":{"rendered":"<p>Il n&#8217;est pas rare que les grands pays aient une r\u00e9gion avec une forte fibre ind\u00e9pendante. Le Canada a la&#8230;<\/p>\n","protected":false},"author":2,"featured_media":0,"comment_status":"open","ping_status":"open","sticky":false,"template":"","format":"standard","meta":{"footnotes":""},"categories":[13],"tags":[18,683,713,714,715,716,696,698,699,718,700,721,724,706,694,728,695,730,701,685,739,744,686,688,740],"class_list":["post-12186","post","type-post","status-publish","format-standard","hentry","category-blog","tag-catalunya-casas","tag-location-de-villa-en-espagne","tag-location-maison-a-barcelone","tag-location-maison-espagne","tag-location-sejour-a-barcelone","tag-location-sejour-espagne","tag-location-vacances-a-costa-dorada","tag-location-vacances-a-la-costa-brava","tag-location-vacances-a-la-costa-dorada","tag-location-vacances-barcelone","tag-location-vacances-en-espagne","tag-logement-a-barcelone","tag-maison-a-louer-a-barcelone","tag-maison-a-louer-en-espagne","tag-sejour-a-barcelone","tag-vacances-villa-barcelone","tag-villa-a-barcelone","tag-villa-a-louer-a-barcelone","tag-villa-avec-piscine-en-espagne","tag-villa-avec-piscine-privee-a-barcelone","tag-villa-en-espagne","tag-villa-en-espagne-catalunya-casas","tag-villa-espagne","tag-villa-familiale-en-espagne","tag-villa-familiale-espagne"],"yoast_head":"<!-- This site is optimized with the Yoast SEO plugin v26.3 - https:\/\/yoast.com\/wordpress\/plugins\/seo\/ -->\n<title>Catalogne: L&#039;etat \u00abind\u00e9pendant\u00bb de l&#039;Espagne - Catalonia Vacation Blog<\/title>\n<meta name=\"robots\" content=\"index, follow, max-snippet:-1, max-image-preview:large, max-video-preview:-1\" \/>\n<link rel=\"canonical\" href=\"https:\/\/www.catalunyacasas.com\/blog\/catalogne-letat-independant-de-lespagne\/\" \/>\n<meta property=\"og:locale\" content=\"en_US\" \/>\n<meta property=\"og:type\" content=\"article\" \/>\n<meta property=\"og:title\" content=\"Catalogne: L&#039;etat \u00abind\u00e9pendant\u00bb de l&#039;Espagne - Catalonia Vacation Blog\" \/>\n<meta property=\"og:description\" content=\"Il n&#8217;est pas rare que les grands pays aient une r\u00e9gion avec une forte fibre ind\u00e9pendante. Le Canada a la...\" \/>\n<meta property=\"og:url\" content=\"https:\/\/www.catalunyacasas.com\/blog\/catalogne-letat-independant-de-lespagne\/\" \/>\n<meta property=\"og:site_name\" content=\"Catalonia Vacation Blog\" \/>\n<meta property=\"article:published_time\" content=\"2015-09-16T11:10:43+00:00\" \/>\n<meta property=\"og:image\" content=\"https:\/\/fr-catalunyacasas.kigobook.com\/wp-content\/uploads\/sites\/916\/2018\/10\/shutterstock_182462858.jpg\" \/>\n<meta name=\"author\" content=\"catalunyacasas\" \/>\n<meta name=\"twitter:card\" content=\"summary_large_image\" \/>\n<meta name=\"twitter:label1\" content=\"Written by\" \/>\n\t<meta name=\"twitter:data1\" content=\"catalunyacasas\" \/>\n\t<meta name=\"twitter:label2\" content=\"Est. reading time\" \/>\n\t<meta name=\"twitter:data2\" content=\"2 minutes\" \/>\n<script type=\"application\/ld+json\" class=\"yoast-schema-graph\">{\"@context\":\"https:\/\/schema.org\",\"@graph\":[{\"@type\":\"WebPage\",\"@id\":\"https:\/\/www.catalunyacasas.com\/blog\/catalogne-letat-independant-de-lespagne\/\",\"url\":\"https:\/\/www.catalunyacasas.com\/blog\/catalogne-letat-independant-de-lespagne\/\",\"name\":\"Catalogne: L'etat \u00abind\u00e9pendant\u00bb de l'Espagne - Catalonia Vacation Blog\",\"isPartOf\":{\"@id\":\"https:\/\/www.catalunyacasas.com\/blog\/#website\"},\"primaryImageOfPage\":{\"@id\":\"https:\/\/www.catalunyacasas.com\/blog\/catalogne-letat-independant-de-lespagne\/#primaryimage\"},\"image\":{\"@id\":\"https:\/\/www.catalunyacasas.com\/blog\/catalogne-letat-independant-de-lespagne\/#primaryimage\"},\"thumbnailUrl\":\"https:\/\/fr-catalunyacasas.kigobook.com\/wp-content\/uploads\/sites\/916\/2018\/10\/shutterstock_182462858.jpg\",\"datePublished\":\"2015-09-16T11:10:43+00:00\",\"author\":{\"@id\":\"https:\/\/www.catalunyacasas.com\/blog\/#\/schema\/person\/cbeb34a93197a9e92612fdb6f3c469f7\"},\"breadcrumb\":{\"@id\":\"https:\/\/www.catalunyacasas.com\/blog\/catalogne-letat-independant-de-lespagne\/#breadcrumb\"},\"inLanguage\":\"en-US\",\"potentialAction\":[{\"@type\":\"ReadAction\",\"target\":[\"https:\/\/www.catalunyacasas.com\/blog\/catalogne-letat-independant-de-lespagne\/\"]}]},{\"@type\":\"ImageObject\",\"inLanguage\":\"en-US\",\"@id\":\"https:\/\/www.catalunyacasas.com\/blog\/catalogne-letat-independant-de-lespagne\/#primaryimage\",\"url\":\"https:\/\/fr-catalunyacasas.kigobook.com\/wp-content\/uploads\/sites\/916\/2018\/10\/shutterstock_182462858.jpg\",\"contentUrl\":\"https:\/\/fr-catalunyacasas.kigobook.com\/wp-content\/uploads\/sites\/916\/2018\/10\/shutterstock_182462858.jpg\"},{\"@type\":\"BreadcrumbList\",\"@id\":\"https:\/\/www.catalunyacasas.com\/blog\/catalogne-letat-independant-de-lespagne\/#breadcrumb\",\"itemListElement\":[{\"@type\":\"ListItem\",\"position\":1,\"name\":\"Home\",\"item\":\"https:\/\/www.catalunyacasas.com\/blog\/\"},{\"@type\":\"ListItem\",\"position\":2,\"name\":\"Catalogne: L&#8217;etat \u00abind\u00e9pendant\u00bb de l&#8217;Espagne\"}]},{\"@type\":\"WebSite\",\"@id\":\"https:\/\/www.catalunyacasas.com\/blog\/#website\",\"url\":\"https:\/\/www.catalunyacasas.com\/blog\/\",\"name\":\"Catalonia Vacation Blog\",\"description\":\"Catalunya Casas\",\"potentialAction\":[{\"@type\":\"SearchAction\",\"target\":{\"@type\":\"EntryPoint\",\"urlTemplate\":\"https:\/\/www.catalunyacasas.com\/blog\/?s={search_term_string}\"},\"query-input\":{\"@type\":\"PropertyValueSpecification\",\"valueRequired\":true,\"valueName\":\"search_term_string\"}}],\"inLanguage\":\"en-US\"},{\"@type\":\"Person\",\"@id\":\"https:\/\/www.catalunyacasas.com\/blog\/#\/schema\/person\/cbeb34a93197a9e92612fdb6f3c469f7\",\"name\":\"catalunyacasas\",\"image\":{\"@type\":\"ImageObject\",\"inLanguage\":\"en-US\",\"@id\":\"https:\/\/www.catalunyacasas.com\/blog\/#\/schema\/person\/image\/\",\"url\":\"https:\/\/secure.gravatar.com\/avatar\/1c4975fb532e58d49bd9f50bbc4c40e7ab2be8d490fd82482faae96356007cc3?s=96&d=mm&r=g\",\"contentUrl\":\"https:\/\/secure.gravatar.com\/avatar\/1c4975fb532e58d49bd9f50bbc4c40e7ab2be8d490fd82482faae96356007cc3?s=96&d=mm&r=g\",\"caption\":\"catalunyacasas\"},\"url\":\"https:\/\/www.catalunyacasas.com\/blog\/author\/catalunyacasas\/\"}]}<\/script>\n<!-- \/ Yoast SEO plugin. -->","yoast_head_json":{"title":"Catalogne: L'etat \u00abind\u00e9pendant\u00bb de l'Espagne - Catalonia Vacation Blog","robots":{"index":"index","follow":"follow","max-snippet":"max-snippet:-1","max-image-preview":"max-image-preview:large","max-video-preview":"max-video-preview:-1"},"canonical":"https:\/\/www.catalunyacasas.com\/blog\/catalogne-letat-independant-de-lespagne\/","og_locale":"en_US","og_type":"article","og_title":"Catalogne: L'etat \u00abind\u00e9pendant\u00bb de l'Espagne - Catalonia Vacation Blog","og_description":"Il n&#8217;est pas rare que les grands pays aient une r\u00e9gion avec une forte fibre ind\u00e9pendante. Le Canada a la...","og_url":"https:\/\/www.catalunyacasas.com\/blog\/catalogne-letat-independant-de-lespagne\/","og_site_name":"Catalonia Vacation Blog","article_published_time":"2015-09-16T11:10:43+00:00","og_image":[{"url":"https:\/\/fr-catalunyacasas.kigobook.com\/wp-content\/uploads\/sites\/916\/2018\/10\/shutterstock_182462858.jpg","type":"","width":"","height":""}],"author":"catalunyacasas","twitter_card":"summary_large_image","twitter_misc":{"Written by":"catalunyacasas","Est. reading time":"2 minutes"},"schema":{"@context":"https:\/\/schema.org","@graph":[{"@type":"WebPage","@id":"https:\/\/www.catalunyacasas.com\/blog\/catalogne-letat-independant-de-lespagne\/","url":"https:\/\/www.catalunyacasas.com\/blog\/catalogne-letat-independant-de-lespagne\/","name":"Catalogne: L'etat \u00abind\u00e9pendant\u00bb de l'Espagne - Catalonia Vacation Blog","isPartOf":{"@id":"https:\/\/www.catalunyacasas.com\/blog\/#website"},"primaryImageOfPage":{"@id":"https:\/\/www.catalunyacasas.com\/blog\/catalogne-letat-independant-de-lespagne\/#primaryimage"},"image":{"@id":"https:\/\/www.catalunyacasas.com\/blog\/catalogne-letat-independant-de-lespagne\/#primaryimage"},"thumbnailUrl":"https:\/\/fr-catalunyacasas.kigobook.com\/wp-content\/uploads\/sites\/916\/2018\/10\/shutterstock_182462858.jpg","datePublished":"2015-09-16T11:10:43+00:00","author":{"@id":"https:\/\/www.catalunyacasas.com\/blog\/#\/schema\/person\/cbeb34a93197a9e92612fdb6f3c469f7"},"breadcrumb":{"@id":"https:\/\/www.catalunyacasas.com\/blog\/catalogne-letat-independant-de-lespagne\/#breadcrumb"},"inLanguage":"en-US","potentialAction":[{"@type":"ReadAction","target":["https:\/\/www.catalunyacasas.com\/blog\/catalogne-letat-independant-de-lespagne\/"]}]},{"@type":"ImageObject","inLanguage":"en-US","@id":"https:\/\/www.catalunyacasas.com\/blog\/catalogne-letat-independant-de-lespagne\/#primaryimage","url":"https:\/\/fr-catalunyacasas.kigobook.com\/wp-content\/uploads\/sites\/916\/2018\/10\/shutterstock_182462858.jpg","contentUrl":"https:\/\/fr-catalunyacasas.kigobook.com\/wp-content\/uploads\/sites\/916\/2018\/10\/shutterstock_182462858.jpg"},{"@type":"BreadcrumbList","@id":"https:\/\/www.catalunyacasas.com\/blog\/catalogne-letat-independant-de-lespagne\/#breadcrumb","itemListElement":[{"@type":"ListItem","position":1,"name":"Home","item":"https:\/\/www.catalunyacasas.com\/blog\/"},{"@type":"ListItem","position":2,"name":"Catalogne: L&#8217;etat \u00abind\u00e9pendant\u00bb de l&#8217;Espagne"}]},{"@type":"WebSite","@id":"https:\/\/www.catalunyacasas.com\/blog\/#website","url":"https:\/\/www.catalunyacasas.com\/blog\/","name":"Catalonia Vacation Blog","description":"Catalunya Casas","potentialAction":[{"@type":"SearchAction","target":{"@type":"EntryPoint","urlTemplate":"https:\/\/www.catalunyacasas.com\/blog\/?s={search_term_string}"},"query-input":{"@type":"PropertyValueSpecification","valueRequired":true,"valueName":"search_term_string"}}],"inLanguage":"en-US"},{"@type":"Person","@id":"https:\/\/www.catalunyacasas.com\/blog\/#\/schema\/person\/cbeb34a93197a9e92612fdb6f3c469f7","name":"catalunyacasas","image":{"@type":"ImageObject","inLanguage":"en-US","@id":"https:\/\/www.catalunyacasas.com\/blog\/#\/schema\/person\/image\/","url":"https:\/\/secure.gravatar.com\/avatar\/1c4975fb532e58d49bd9f50bbc4c40e7ab2be8d490fd82482faae96356007cc3?s=96&d=mm&r=g","contentUrl":"https:\/\/secure.gravatar.com\/avatar\/1c4975fb532e58d49bd9f50bbc4c40e7ab2be8d490fd82482faae96356007cc3?s=96&d=mm&r=g","caption":"catalunyacasas"},"url":"https:\/\/www.catalunyacasas.com\/blog\/author\/catalunyacasas\/"}]}},"_links":{"self":[{"href":"https:\/\/www.catalunyacasas.com\/blog\/wp-json\/wp\/v2\/posts\/12186","targetHints":{"allow":["GET"]}}],"collection":[{"href":"https:\/\/www.catalunyacasas.com\/blog\/wp-json\/wp\/v2\/posts"}],"about":[{"href":"https:\/\/www.catalunyacasas.com\/blog\/wp-json\/wp\/v2\/types\/post"}],"author":[{"embeddable":true,"href":"https:\/\/www.catalunyacasas.com\/blog\/wp-json\/wp\/v2\/users\/2"}],"replies":[{"embeddable":true,"href":"https:\/\/www.catalunyacasas.com\/blog\/wp-json\/wp\/v2\/comments?post=12186"}],"version-history":[{"count":0,"href":"https:\/\/www.catalunyacasas.com\/blog\/wp-json\/wp\/v2\/posts\/12186\/revisions"}],"wp:attachment":[{"href":"https:\/\/www.catalunyacasas.com\/blog\/wp-json\/wp\/v2\/media?parent=12186"}],"wp:term":[{"taxonomy":"category","embeddable":true,"href":"https:\/\/www.catalunyacasas.com\/blog\/wp-json\/wp\/v2\/categories?post=12186"},{"taxonomy":"post_tag","embeddable":true,"href":"https:\/\/www.catalunyacasas.com\/blog\/wp-json\/wp\/v2\/tags?post=12186"}],"curies":[{"name":"wp","href":"https:\/\/api.w.org\/{rel}","templated":true}]}}