{"id":19410,"date":"2015-12-19T16:09:50","date_gmt":"2015-12-19T16:09:50","guid":{"rendered":"https:\/\/catalunyacasasfr.imbookingsecure.com\/?p=19410"},"modified":"2023-03-28T16:48:58","modified_gmt":"2023-03-28T16:48:58","slug":"un-hiver-de-reve-sur-la-costa-brava","status":"publish","type":"post","link":"https:\/\/www.catalunyacasas.com\/blog\/un-hiver-de-reve-sur-la-costa-brava\/","title":{"rendered":"Un hiver de r\u00eave sur la Costa Brava"},"content":{"rendered":"<p>En \u00e9t\u00e9, se diriger vers la Costa Brava pour un s\u00e9jour en Espagne berc\u00e9 par la M\u00e9diterran\u00e9e est une \u00e9vidence: \u00e9tant le pendant espagnol de la C\u00f4te d&#8217;Azur fran\u00e7aise ou de la Riviera italienne, la Costa Brava compte plusieurs embouteillages le long de son littoral durant la chaude saison d&#8217;\u00e9t\u00e9. Avec tant de belles plages et de c\u00f4tes sauvages, le secret du plus beau bord de mer en Espagne n&#8217;est plus si bien gard\u00e9! Nos villas Costa Brava accueillent chaque \u00e9t\u00e9 de nouveaux voyageurs (et des habitu\u00e9s!) qui se promettent de revenir.<\/p>\n<p><strong>\u00a0<a href=\"https:\/\/fr-catalunyacasas.kigobook.com\/wp-content\/uploads\/sites\/916\/2018\/10\/shutterstock_83249434.jpg\"><img fetchpriority=\"high\" decoding=\"async\" class=\"aligncenter size-full wp-image-14828\" src=\"https:\/\/fr-catalunyacasas.kigobook.com\/wp-content\/uploads\/sites\/916\/2018\/10\/shutterstock_83249434.jpg\" alt=\"shutterstock_83249434\" width=\"667\" height=\"1000\" \/><\/a><\/strong><\/p>\n<p>Nous encourageons bien s\u00fbr cela \u2013 nos villas Costa Brava vous attendront toujours fid\u00e8les au rendez-vous. Or, pourquoi ne pas changer \u00e0 vos habitudes et venir y s\u00e9journer d&#8217;hiver? La mer y semble tellement plus \u00e9ternelle sans les foules de touristes! Par exemple, vous pourriez&#8230;<\/p>\n<p>Faire de la plong\u00e9e sous-marine:<\/p>\n<p>Eh oui! M\u00eame durant les frais mois d&#8217;hiver, il y a possibilit\u00e9 de bien s&#8217;\u00e9quiper et d&#8217;aller faire un tour du c\u00f4t\u00e9 des poissons. Une combinaison sp\u00e9ciale vous tiendra au chaud dans les courants les plus froids!<strong><br \/>\n<\/strong><\/p>\n<p><a href=\"https:\/\/fr-catalunyacasas.kigobook.com\/wp-content\/uploads\/sites\/916\/2018\/10\/shutterstock_182462858.jpg\"><img decoding=\"async\" class=\"aligncenter size-full wp-image-14246\" src=\"https:\/\/fr-catalunyacasas.kigobook.com\/wp-content\/uploads\/sites\/916\/2018\/10\/shutterstock_182462858.jpg\" alt=\"shutterstock_182462858\" width=\"1000\" height=\"667\" \/><\/a><\/p>\n<p>Vous offrir de longues excursions<\/p>\n<p>Sans le soleil qui plombe, il devient plus facile de s&#8217;offrir de longues marches! Explorez les villages plus \u00e9loign\u00e9s de la c\u00f4te, parcourez des trajets de randonn\u00e9es, faites une escapade de quelques jours dans une de nos villas Costa Dorada \u2013 ou un weekend s\u00e9jour Barcelone! Avec une moyenne de temp\u00e9rature de 8 degr\u00e9s celsius en plein d\u00e9cembre, l&#8217;air sera un peu plus vivifiant \u2013 pr\u00e9voyez un pull et un coupe-vent et vous devriez \u00eatre pr\u00eat \u00e0 d\u00e9couvrir les merveilles naturelles de la Costa Brava.<\/p>\n<p>Carnaval<\/p>\n<p>Pour les chanceux qui ont la flexibilit\u00e9 et les moyens de s&#8217;offrir un s\u00e9jour en Espagne en f\u00e9vrier, il ne faut absolument pas rater le carnaval! Une tradition europ\u00e9enne remontant aux temps m\u00e9di\u00e9vaux, chaque ville f\u00eate le carnaval avec entrain. Peu importe la ville o\u00f9 se situe votre villa Costa Brava, gageons qu&#8217;elle n&#8217;\u00e9chappe pas \u00e0 la tradition!<\/p>\n<p>Pour plus d&#8217;id\u00e9es de sorties hivernales, informez-vous aupr\u00e8s de <a href=\"https:\/\/www.catalunyacasas.com\/fr\/\">Catalunya Casas<\/a>!<\/p>\n","protected":false},"excerpt":{"rendered":"<p>En \u00e9t\u00e9, se diriger vers la Costa Brava pour un s\u00e9jour en Espagne berc\u00e9 par la M\u00e9diterran\u00e9e est une \u00e9vidence:&#8230;<\/p>\n","protected":false},"author":2,"featured_media":0,"comment_status":"open","ping_status":"open","sticky":false,"template":"","format":"standard","meta":{"footnotes":""},"categories":[13],"tags":[18,683,713,714,715,716,696,698,699,718,700,721,724,706,694,725,707,727,695,730,612,704,739,744,686,687,688,740,691],"class_list":["post-19410","post","type-post","status-publish","format-standard","hentry","category-blog","tag-catalunya-casas","tag-location-de-villa-en-espagne","tag-location-maison-a-barcelone","tag-location-maison-espagne","tag-location-sejour-a-barcelone","tag-location-sejour-espagne","tag-location-vacances-a-costa-dorada","tag-location-vacances-a-la-costa-brava","tag-location-vacances-a-la-costa-dorada","tag-location-vacances-barcelone","tag-location-vacances-en-espagne","tag-logement-a-barcelone","tag-maison-a-louer-a-barcelone","tag-maison-a-louer-en-espagne","tag-sejour-a-barcelone","tag-sejour-barcelone","tag-sejour-en-espagne","tag-vacances-barcelone","tag-villa-a-barcelone","tag-villa-a-louer-a-barcelone","tag-villa-costa-dorada","tag-villa-de-vacances-a-barcelone","tag-villa-en-espagne","tag-villa-en-espagne-catalunya-casas","tag-villa-espagne","tag-villa-familiale-a-barcelone","tag-villa-familiale-en-espagne","tag-villa-familiale-espagne","tag-villas-en-espagne"],"yoast_head":"<!-- This site is optimized with the Yoast SEO plugin v26.3 - https:\/\/yoast.com\/wordpress\/plugins\/seo\/ -->\n<title>Un hiver de r\u00eave sur la Costa Brava - Catalonia Vacation Blog<\/title>\n<meta name=\"robots\" content=\"index, follow, max-snippet:-1, max-image-preview:large, max-video-preview:-1\" \/>\n<link rel=\"canonical\" href=\"https:\/\/www.catalunyacasas.com\/blog\/un-hiver-de-reve-sur-la-costa-brava\/\" \/>\n<meta property=\"og:locale\" content=\"en_US\" \/>\n<meta property=\"og:type\" content=\"article\" \/>\n<meta property=\"og:title\" content=\"Un hiver de r\u00eave sur la Costa Brava - Catalonia Vacation Blog\" \/>\n<meta property=\"og:description\" content=\"En \u00e9t\u00e9, se diriger vers la Costa Brava pour un s\u00e9jour en Espagne berc\u00e9 par la M\u00e9diterran\u00e9e est une \u00e9vidence:...\" \/>\n<meta property=\"og:url\" content=\"https:\/\/www.catalunyacasas.com\/blog\/un-hiver-de-reve-sur-la-costa-brava\/\" \/>\n<meta property=\"og:site_name\" content=\"Catalonia Vacation Blog\" \/>\n<meta property=\"article:published_time\" content=\"2015-12-19T16:09:50+00:00\" \/>\n<meta property=\"article:modified_time\" content=\"2023-03-28T16:48:58+00:00\" \/>\n<meta property=\"og:image\" content=\"https:\/\/fr-catalunyacasas.kigobook.com\/wp-content\/uploads\/sites\/916\/2018\/10\/shutterstock_83249434.jpg\" \/>\n<meta name=\"author\" content=\"catalunyacasas\" \/>\n<meta name=\"twitter:card\" content=\"summary_large_image\" \/>\n<meta name=\"twitter:label1\" content=\"Written by\" \/>\n\t<meta name=\"twitter:data1\" content=\"catalunyacasas\" \/>\n\t<meta name=\"twitter:label2\" content=\"Est. reading time\" \/>\n\t<meta name=\"twitter:data2\" content=\"2 minutes\" \/>\n<script type=\"application\/ld+json\" class=\"yoast-schema-graph\">{\"@context\":\"https:\/\/schema.org\",\"@graph\":[{\"@type\":\"WebPage\",\"@id\":\"https:\/\/www.catalunyacasas.com\/blog\/un-hiver-de-reve-sur-la-costa-brava\/\",\"url\":\"https:\/\/www.catalunyacasas.com\/blog\/un-hiver-de-reve-sur-la-costa-brava\/\",\"name\":\"Un hiver de r\u00eave sur la Costa Brava - Catalonia Vacation Blog\",\"isPartOf\":{\"@id\":\"https:\/\/www.catalunyacasas.com\/blog\/#website\"},\"primaryImageOfPage\":{\"@id\":\"https:\/\/www.catalunyacasas.com\/blog\/un-hiver-de-reve-sur-la-costa-brava\/#primaryimage\"},\"image\":{\"@id\":\"https:\/\/www.catalunyacasas.com\/blog\/un-hiver-de-reve-sur-la-costa-brava\/#primaryimage\"},\"thumbnailUrl\":\"https:\/\/fr-catalunyacasas.kigobook.com\/wp-content\/uploads\/sites\/916\/2018\/10\/shutterstock_83249434.jpg\",\"datePublished\":\"2015-12-19T16:09:50+00:00\",\"dateModified\":\"2023-03-28T16:48:58+00:00\",\"author\":{\"@id\":\"https:\/\/www.catalunyacasas.com\/blog\/#\/schema\/person\/cbeb34a93197a9e92612fdb6f3c469f7\"},\"breadcrumb\":{\"@id\":\"https:\/\/www.catalunyacasas.com\/blog\/un-hiver-de-reve-sur-la-costa-brava\/#breadcrumb\"},\"inLanguage\":\"en-US\",\"potentialAction\":[{\"@type\":\"ReadAction\",\"target\":[\"https:\/\/www.catalunyacasas.com\/blog\/un-hiver-de-reve-sur-la-costa-brava\/\"]}]},{\"@type\":\"ImageObject\",\"inLanguage\":\"en-US\",\"@id\":\"https:\/\/www.catalunyacasas.com\/blog\/un-hiver-de-reve-sur-la-costa-brava\/#primaryimage\",\"url\":\"https:\/\/fr-catalunyacasas.kigobook.com\/wp-content\/uploads\/sites\/916\/2018\/10\/shutterstock_83249434.jpg\",\"contentUrl\":\"https:\/\/fr-catalunyacasas.kigobook.com\/wp-content\/uploads\/sites\/916\/2018\/10\/shutterstock_83249434.jpg\"},{\"@type\":\"BreadcrumbList\",\"@id\":\"https:\/\/www.catalunyacasas.com\/blog\/un-hiver-de-reve-sur-la-costa-brava\/#breadcrumb\",\"itemListElement\":[{\"@type\":\"ListItem\",\"position\":1,\"name\":\"Home\",\"item\":\"https:\/\/www.catalunyacasas.com\/blog\/\"},{\"@type\":\"ListItem\",\"position\":2,\"name\":\"Un hiver de r\u00eave sur la Costa Brava\"}]},{\"@type\":\"WebSite\",\"@id\":\"https:\/\/www.catalunyacasas.com\/blog\/#website\",\"url\":\"https:\/\/www.catalunyacasas.com\/blog\/\",\"name\":\"Catalonia Vacation Blog\",\"description\":\"Catalunya Casas\",\"potentialAction\":[{\"@type\":\"SearchAction\",\"target\":{\"@type\":\"EntryPoint\",\"urlTemplate\":\"https:\/\/www.catalunyacasas.com\/blog\/?s={search_term_string}\"},\"query-input\":{\"@type\":\"PropertyValueSpecification\",\"valueRequired\":true,\"valueName\":\"search_term_string\"}}],\"inLanguage\":\"en-US\"},{\"@type\":\"Person\",\"@id\":\"https:\/\/www.catalunyacasas.com\/blog\/#\/schema\/person\/cbeb34a93197a9e92612fdb6f3c469f7\",\"name\":\"catalunyacasas\",\"image\":{\"@type\":\"ImageObject\",\"inLanguage\":\"en-US\",\"@id\":\"https:\/\/www.catalunyacasas.com\/blog\/#\/schema\/person\/image\/\",\"url\":\"https:\/\/secure.gravatar.com\/avatar\/1c4975fb532e58d49bd9f50bbc4c40e7ab2be8d490fd82482faae96356007cc3?s=96&d=mm&r=g\",\"contentUrl\":\"https:\/\/secure.gravatar.com\/avatar\/1c4975fb532e58d49bd9f50bbc4c40e7ab2be8d490fd82482faae96356007cc3?s=96&d=mm&r=g\",\"caption\":\"catalunyacasas\"},\"url\":\"https:\/\/www.catalunyacasas.com\/blog\/author\/catalunyacasas\/\"}]}<\/script>\n<!-- \/ Yoast SEO plugin. -->","yoast_head_json":{"title":"Un hiver de r\u00eave sur la Costa Brava - Catalonia Vacation Blog","robots":{"index":"index","follow":"follow","max-snippet":"max-snippet:-1","max-image-preview":"max-image-preview:large","max-video-preview":"max-video-preview:-1"},"canonical":"https:\/\/www.catalunyacasas.com\/blog\/un-hiver-de-reve-sur-la-costa-brava\/","og_locale":"en_US","og_type":"article","og_title":"Un hiver de r\u00eave sur la Costa Brava - Catalonia Vacation Blog","og_description":"En \u00e9t\u00e9, se diriger vers la Costa Brava pour un s\u00e9jour en Espagne berc\u00e9 par la M\u00e9diterran\u00e9e est une \u00e9vidence:...","og_url":"https:\/\/www.catalunyacasas.com\/blog\/un-hiver-de-reve-sur-la-costa-brava\/","og_site_name":"Catalonia Vacation Blog","article_published_time":"2015-12-19T16:09:50+00:00","article_modified_time":"2023-03-28T16:48:58+00:00","og_image":[{"url":"https:\/\/fr-catalunyacasas.kigobook.com\/wp-content\/uploads\/sites\/916\/2018\/10\/shutterstock_83249434.jpg","type":"","width":"","height":""}],"author":"catalunyacasas","twitter_card":"summary_large_image","twitter_misc":{"Written by":"catalunyacasas","Est. reading time":"2 minutes"},"schema":{"@context":"https:\/\/schema.org","@graph":[{"@type":"WebPage","@id":"https:\/\/www.catalunyacasas.com\/blog\/un-hiver-de-reve-sur-la-costa-brava\/","url":"https:\/\/www.catalunyacasas.com\/blog\/un-hiver-de-reve-sur-la-costa-brava\/","name":"Un hiver de r\u00eave sur la Costa Brava - Catalonia Vacation Blog","isPartOf":{"@id":"https:\/\/www.catalunyacasas.com\/blog\/#website"},"primaryImageOfPage":{"@id":"https:\/\/www.catalunyacasas.com\/blog\/un-hiver-de-reve-sur-la-costa-brava\/#primaryimage"},"image":{"@id":"https:\/\/www.catalunyacasas.com\/blog\/un-hiver-de-reve-sur-la-costa-brava\/#primaryimage"},"thumbnailUrl":"https:\/\/fr-catalunyacasas.kigobook.com\/wp-content\/uploads\/sites\/916\/2018\/10\/shutterstock_83249434.jpg","datePublished":"2015-12-19T16:09:50+00:00","dateModified":"2023-03-28T16:48:58+00:00","author":{"@id":"https:\/\/www.catalunyacasas.com\/blog\/#\/schema\/person\/cbeb34a93197a9e92612fdb6f3c469f7"},"breadcrumb":{"@id":"https:\/\/www.catalunyacasas.com\/blog\/un-hiver-de-reve-sur-la-costa-brava\/#breadcrumb"},"inLanguage":"en-US","potentialAction":[{"@type":"ReadAction","target":["https:\/\/www.catalunyacasas.com\/blog\/un-hiver-de-reve-sur-la-costa-brava\/"]}]},{"@type":"ImageObject","inLanguage":"en-US","@id":"https:\/\/www.catalunyacasas.com\/blog\/un-hiver-de-reve-sur-la-costa-brava\/#primaryimage","url":"https:\/\/fr-catalunyacasas.kigobook.com\/wp-content\/uploads\/sites\/916\/2018\/10\/shutterstock_83249434.jpg","contentUrl":"https:\/\/fr-catalunyacasas.kigobook.com\/wp-content\/uploads\/sites\/916\/2018\/10\/shutterstock_83249434.jpg"},{"@type":"BreadcrumbList","@id":"https:\/\/www.catalunyacasas.com\/blog\/un-hiver-de-reve-sur-la-costa-brava\/#breadcrumb","itemListElement":[{"@type":"ListItem","position":1,"name":"Home","item":"https:\/\/www.catalunyacasas.com\/blog\/"},{"@type":"ListItem","position":2,"name":"Un hiver de r\u00eave sur la Costa Brava"}]},{"@type":"WebSite","@id":"https:\/\/www.catalunyacasas.com\/blog\/#website","url":"https:\/\/www.catalunyacasas.com\/blog\/","name":"Catalonia Vacation Blog","description":"Catalunya Casas","potentialAction":[{"@type":"SearchAction","target":{"@type":"EntryPoint","urlTemplate":"https:\/\/www.catalunyacasas.com\/blog\/?s={search_term_string}"},"query-input":{"@type":"PropertyValueSpecification","valueRequired":true,"valueName":"search_term_string"}}],"inLanguage":"en-US"},{"@type":"Person","@id":"https:\/\/www.catalunyacasas.com\/blog\/#\/schema\/person\/cbeb34a93197a9e92612fdb6f3c469f7","name":"catalunyacasas","image":{"@type":"ImageObject","inLanguage":"en-US","@id":"https:\/\/www.catalunyacasas.com\/blog\/#\/schema\/person\/image\/","url":"https:\/\/secure.gravatar.com\/avatar\/1c4975fb532e58d49bd9f50bbc4c40e7ab2be8d490fd82482faae96356007cc3?s=96&d=mm&r=g","contentUrl":"https:\/\/secure.gravatar.com\/avatar\/1c4975fb532e58d49bd9f50bbc4c40e7ab2be8d490fd82482faae96356007cc3?s=96&d=mm&r=g","caption":"catalunyacasas"},"url":"https:\/\/www.catalunyacasas.com\/blog\/author\/catalunyacasas\/"}]}},"_links":{"self":[{"href":"https:\/\/www.catalunyacasas.com\/blog\/wp-json\/wp\/v2\/posts\/19410","targetHints":{"allow":["GET"]}}],"collection":[{"href":"https:\/\/www.catalunyacasas.com\/blog\/wp-json\/wp\/v2\/posts"}],"about":[{"href":"https:\/\/www.catalunyacasas.com\/blog\/wp-json\/wp\/v2\/types\/post"}],"author":[{"embeddable":true,"href":"https:\/\/www.catalunyacasas.com\/blog\/wp-json\/wp\/v2\/users\/2"}],"replies":[{"embeddable":true,"href":"https:\/\/www.catalunyacasas.com\/blog\/wp-json\/wp\/v2\/comments?post=19410"}],"version-history":[{"count":1,"href":"https:\/\/www.catalunyacasas.com\/blog\/wp-json\/wp\/v2\/posts\/19410\/revisions"}],"predecessor-version":[{"id":194706,"href":"https:\/\/www.catalunyacasas.com\/blog\/wp-json\/wp\/v2\/posts\/19410\/revisions\/194706"}],"wp:attachment":[{"href":"https:\/\/www.catalunyacasas.com\/blog\/wp-json\/wp\/v2\/media?parent=19410"}],"wp:term":[{"taxonomy":"category","embeddable":true,"href":"https:\/\/www.catalunyacasas.com\/blog\/wp-json\/wp\/v2\/categories?post=19410"},{"taxonomy":"post_tag","embeddable":true,"href":"https:\/\/www.catalunyacasas.com\/blog\/wp-json\/wp\/v2\/tags?post=19410"}],"curies":[{"name":"wp","href":"https:\/\/api.w.org\/{rel}","templated":true}]}}