{"id":21195,"date":"2016-01-02T19:06:43","date_gmt":"2016-01-02T19:06:43","guid":{"rendered":"https:\/\/catalunyacasasfr.imbookingsecure.com\/?p=21195"},"modified":"2016-01-02T19:06:43","modified_gmt":"2016-01-02T19:06:43","slug":"catalogne-a-grandeur-dhomme-grands-noms-de-catalogne-que-vous-connaissez-sans-doute-deja","status":"publish","type":"post","link":"https:\/\/www.catalunyacasas.com\/blog\/catalogne-a-grandeur-dhomme-grands-noms-de-catalogne-que-vous-connaissez-sans-doute-deja\/","title":{"rendered":"Catalogne \u00e0 grandeur d&#8217;homme: Grands noms de Catalogne que vous connaissez sans doute d\u00e9j\u00e0"},"content":{"rendered":"<p>Salvator Dali:<\/p>\n<p>N\u00e9 au d\u00e9but du vingti\u00e8me si\u00e8cle (1904), mort \u00e0 la fin des ann\u00e9es 80&#8242; (1989), il est difficile de ne pas penser \u00e0 Dali lorsqu&#8217;on parle de grands noms d&#8217;ici! Avec son art surr\u00e9aliste et sa personnalit\u00e9 excentrique errant entre folie et g\u00e9nie, Dali est un de ces artistes dont l&#8217;influence perdure \u00e0 ce jour. Si vous n&#8217;avez pas encore finalis\u00e9 la r\u00e9servation d&#8217;une maison \u00e0 louer en Espagne, pourquoi ne pas choisir une villa Costa Brava dans les environs de Figures? Vous y trouverez le Th\u00e9\u00e2tre Mus\u00e9e Dali, entre autres, un chef-d&#8217;oeuvre surr\u00e9aliste en soi!<\/p>\n<p>&nbsp;<\/p>\n<figure id=\"attachment_10009\" aria-describedby=\"caption-attachment-10009\" style=\"width: 1000px\" class=\"wp-caption aligncenter\"><a href=\"https:\/\/fr-catalunyacasas.kigobook.com\/wp-content\/uploads\/sites\/916\/2018\/10\/shutterstock_101032684.jpg\"><img fetchpriority=\"high\" decoding=\"async\" class=\"size-full wp-image-10009\" src=\"https:\/\/fr-catalunyacasas.kigobook.com\/wp-content\/uploads\/sites\/916\/2018\/10\/shutterstock_101032684.jpg\" alt=\"Park G\u00fcell\" width=\"1000\" height=\"667\" \/><\/a><figcaption id=\"caption-attachment-10009\" class=\"wp-caption-text\">Park G\u00fcell<\/figcaption><\/figure>\n<p>&nbsp;<\/p>\n<p>Antoni Gaudi<\/p>\n<p>Si vous avez d\u00e9j\u00e0 fait un s\u00e9jour \u00e0 Barcelone, impossible que vous n&#8217;ayez pas entendu parl\u00e9 de Gaudi! C&#8217;est l&#8217;architecte \u00e0 qui l&#8217;on doit la g\u00e9niale Sagrada Familia, le parc Guell, Casa Mila, Casa Vincens&#8230; Son style \u00e0 la fois tr\u00e8s personnel, symboliste, naturaliste et moderne lui a valu la protection de ses oeuvres par le patrimoine de l&#8217;UNESCO.<\/p>\n<p>&nbsp;<\/p>\n<p>Jos\u00e9 Carreras<\/p>\n<p>Connu entre autres pour ses performances des op\u00e9ras de Verdi et de Puccini, Carreras s&#8217;est rendu exceptionnellement c\u00e9l\u00e8bre gr\u00e2ce \u00e0 sa participation aux trios \u201cThe Three Tenors\u201d (les Trois T\u00e9nors), puis avec son duo avec Sarah Brightman aux Olympiques de 92. N\u00e9 \u00e0 Barcelone en 1946, les apports de Carreras ne sont pas qu&#8217;artistiques&#8230; En effet, apr\u00e8s avoir gagn\u00e9 sa bataille contre la leuc\u00e9mie, le t\u00e9nor espagnol a fond\u00e9 la fondation internationale Jos\u00e9 Carreras pour la lutte contre la leuc\u00e9mie, faisant de lui un humanitarien charitable en plus d&#8217;un artiste t\u00e9nor r\u00e9put\u00e9.<\/p>\n<p>&nbsp;<\/p>\n<p>Marc Marquez<\/p>\n<p>Dans le monde du sport, les athl\u00e8tes catalans ne manquent pas. Nous nommerons toutefois Marc Marquez, coureur de moto. Pourquoi lui plut\u00f4t qu&#8217;un autre? Disons simplement qu&#8217;\u00e9tant n\u00e9 en 1993 et ayant d\u00e9truit plusieurs records de courses, Marc Marquez, plusieurs fois champion mondial de sa discipline, est un de ces jeunes talents catalans qui commence \u00e0 peine et qui fait d\u00e9j\u00e0 des \u00e9clats. En pr\u00e9vision d&#8217;une carri\u00e8re longue et encore plus impressionante, nous laissons donc son nom ici. D&#8217;ailleurs, peut-\u00eatre aurez-vous la chance de le voir en comp\u00e9tition lors d&#8217;un de vos s\u00e9jours en Espagne!<\/p>\n<p>&nbsp;<\/p>\n","protected":false},"excerpt":{"rendered":"<p>Salvator Dali: N\u00e9 au d\u00e9but du vingti\u00e8me si\u00e8cle (1904), mort \u00e0 la fin des ann\u00e9es 80&#8242; (1989), il est difficile&#8230;<\/p>\n","protected":false},"author":2,"featured_media":0,"comment_status":"open","ping_status":"open","sticky":false,"template":"","format":"standard","meta":{"footnotes":""},"categories":[13],"tags":[18,683,713,714,715,716,717,697,696,699,700,721,724,706,725,707,727,729,695,730,731,612,704,705,739,744,686,687,688,740,741,691],"class_list":["post-21195","post","type-post","status-publish","format-standard","hentry","category-blog","tag-catalunya-casas","tag-location-de-villa-en-espagne","tag-location-maison-a-barcelone","tag-location-maison-espagne","tag-location-sejour-a-barcelone","tag-location-sejour-espagne","tag-location-vacances-a-barcelone","tag-location-vacances-a-costa-brava","tag-location-vacances-a-costa-dorada","tag-location-vacances-a-la-costa-dorada","tag-location-vacances-en-espagne","tag-logement-a-barcelone","tag-maison-a-louer-a-barcelone","tag-maison-a-louer-en-espagne","tag-sejour-barcelone","tag-sejour-en-espagne","tag-vacances-barcelone","tag-vacances-villa-espagne","tag-villa-a-barcelone","tag-villa-a-louer-a-barcelone","tag-villa-avec-piscine","tag-villa-costa-dorada","tag-villa-de-vacances-a-barcelone","tag-villa-de-vacances-en-espagne","tag-villa-en-espagne","tag-villa-en-espagne-catalunya-casas","tag-villa-espagne","tag-villa-familiale-a-barcelone","tag-villa-familiale-en-espagne","tag-villa-familiale-espagne","tag-villas-a-barcelone","tag-villas-en-espagne"],"yoast_head":"<!-- This site is optimized with the Yoast SEO plugin v26.3 - https:\/\/yoast.com\/wordpress\/plugins\/seo\/ -->\n<title>Catalogne \u00e0 grandeur d&#039;homme: Grands noms de Catalogne que vous connaissez sans doute d\u00e9j\u00e0 - Catalonia Vacation Blog<\/title>\n<meta name=\"robots\" content=\"index, follow, max-snippet:-1, max-image-preview:large, max-video-preview:-1\" \/>\n<link rel=\"canonical\" href=\"https:\/\/www.catalunyacasas.com\/blog\/catalogne-a-grandeur-dhomme-grands-noms-de-catalogne-que-vous-connaissez-sans-doute-deja\/\" \/>\n<meta property=\"og:locale\" content=\"en_US\" \/>\n<meta property=\"og:type\" content=\"article\" \/>\n<meta property=\"og:title\" content=\"Catalogne \u00e0 grandeur d&#039;homme: Grands noms de Catalogne que vous connaissez sans doute d\u00e9j\u00e0 - Catalonia Vacation Blog\" \/>\n<meta property=\"og:description\" content=\"Salvator Dali: N\u00e9 au d\u00e9but du vingti\u00e8me si\u00e8cle (1904), mort \u00e0 la fin des ann\u00e9es 80&#8242; (1989), il est difficile...\" \/>\n<meta property=\"og:url\" content=\"https:\/\/www.catalunyacasas.com\/blog\/catalogne-a-grandeur-dhomme-grands-noms-de-catalogne-que-vous-connaissez-sans-doute-deja\/\" \/>\n<meta property=\"og:site_name\" content=\"Catalonia Vacation Blog\" \/>\n<meta property=\"article:published_time\" content=\"2016-01-02T19:06:43+00:00\" \/>\n<meta property=\"og:image\" content=\"https:\/\/fr-catalunyacasas.kigobook.com\/wp-content\/uploads\/sites\/916\/2018\/10\/shutterstock_101032684.jpg\" \/>\n<meta name=\"author\" content=\"catalunyacasas\" \/>\n<meta name=\"twitter:card\" content=\"summary_large_image\" \/>\n<meta name=\"twitter:label1\" content=\"Written by\" \/>\n\t<meta name=\"twitter:data1\" content=\"catalunyacasas\" \/>\n\t<meta name=\"twitter:label2\" content=\"Est. reading time\" \/>\n\t<meta name=\"twitter:data2\" content=\"2 minutes\" \/>\n<script type=\"application\/ld+json\" class=\"yoast-schema-graph\">{\"@context\":\"https:\/\/schema.org\",\"@graph\":[{\"@type\":\"WebPage\",\"@id\":\"https:\/\/www.catalunyacasas.com\/blog\/catalogne-a-grandeur-dhomme-grands-noms-de-catalogne-que-vous-connaissez-sans-doute-deja\/\",\"url\":\"https:\/\/www.catalunyacasas.com\/blog\/catalogne-a-grandeur-dhomme-grands-noms-de-catalogne-que-vous-connaissez-sans-doute-deja\/\",\"name\":\"Catalogne \u00e0 grandeur d'homme: Grands noms de Catalogne que vous connaissez sans doute d\u00e9j\u00e0 - Catalonia Vacation Blog\",\"isPartOf\":{\"@id\":\"https:\/\/www.catalunyacasas.com\/blog\/#website\"},\"primaryImageOfPage\":{\"@id\":\"https:\/\/www.catalunyacasas.com\/blog\/catalogne-a-grandeur-dhomme-grands-noms-de-catalogne-que-vous-connaissez-sans-doute-deja\/#primaryimage\"},\"image\":{\"@id\":\"https:\/\/www.catalunyacasas.com\/blog\/catalogne-a-grandeur-dhomme-grands-noms-de-catalogne-que-vous-connaissez-sans-doute-deja\/#primaryimage\"},\"thumbnailUrl\":\"https:\/\/fr-catalunyacasas.kigobook.com\/wp-content\/uploads\/sites\/916\/2018\/10\/shutterstock_101032684.jpg\",\"datePublished\":\"2016-01-02T19:06:43+00:00\",\"author\":{\"@id\":\"https:\/\/www.catalunyacasas.com\/blog\/#\/schema\/person\/cbeb34a93197a9e92612fdb6f3c469f7\"},\"breadcrumb\":{\"@id\":\"https:\/\/www.catalunyacasas.com\/blog\/catalogne-a-grandeur-dhomme-grands-noms-de-catalogne-que-vous-connaissez-sans-doute-deja\/#breadcrumb\"},\"inLanguage\":\"en-US\",\"potentialAction\":[{\"@type\":\"ReadAction\",\"target\":[\"https:\/\/www.catalunyacasas.com\/blog\/catalogne-a-grandeur-dhomme-grands-noms-de-catalogne-que-vous-connaissez-sans-doute-deja\/\"]}]},{\"@type\":\"ImageObject\",\"inLanguage\":\"en-US\",\"@id\":\"https:\/\/www.catalunyacasas.com\/blog\/catalogne-a-grandeur-dhomme-grands-noms-de-catalogne-que-vous-connaissez-sans-doute-deja\/#primaryimage\",\"url\":\"https:\/\/fr-catalunyacasas.kigobook.com\/wp-content\/uploads\/sites\/916\/2018\/10\/shutterstock_101032684.jpg\",\"contentUrl\":\"https:\/\/fr-catalunyacasas.kigobook.com\/wp-content\/uploads\/sites\/916\/2018\/10\/shutterstock_101032684.jpg\"},{\"@type\":\"BreadcrumbList\",\"@id\":\"https:\/\/www.catalunyacasas.com\/blog\/catalogne-a-grandeur-dhomme-grands-noms-de-catalogne-que-vous-connaissez-sans-doute-deja\/#breadcrumb\",\"itemListElement\":[{\"@type\":\"ListItem\",\"position\":1,\"name\":\"Home\",\"item\":\"https:\/\/www.catalunyacasas.com\/blog\/\"},{\"@type\":\"ListItem\",\"position\":2,\"name\":\"Catalogne \u00e0 grandeur d&#8217;homme: Grands noms de Catalogne que vous connaissez sans doute d\u00e9j\u00e0\"}]},{\"@type\":\"WebSite\",\"@id\":\"https:\/\/www.catalunyacasas.com\/blog\/#website\",\"url\":\"https:\/\/www.catalunyacasas.com\/blog\/\",\"name\":\"Catalonia Vacation Blog\",\"description\":\"Catalunya Casas\",\"potentialAction\":[{\"@type\":\"SearchAction\",\"target\":{\"@type\":\"EntryPoint\",\"urlTemplate\":\"https:\/\/www.catalunyacasas.com\/blog\/?s={search_term_string}\"},\"query-input\":{\"@type\":\"PropertyValueSpecification\",\"valueRequired\":true,\"valueName\":\"search_term_string\"}}],\"inLanguage\":\"en-US\"},{\"@type\":\"Person\",\"@id\":\"https:\/\/www.catalunyacasas.com\/blog\/#\/schema\/person\/cbeb34a93197a9e92612fdb6f3c469f7\",\"name\":\"catalunyacasas\",\"image\":{\"@type\":\"ImageObject\",\"inLanguage\":\"en-US\",\"@id\":\"https:\/\/www.catalunyacasas.com\/blog\/#\/schema\/person\/image\/\",\"url\":\"https:\/\/secure.gravatar.com\/avatar\/1c4975fb532e58d49bd9f50bbc4c40e7ab2be8d490fd82482faae96356007cc3?s=96&d=mm&r=g\",\"contentUrl\":\"https:\/\/secure.gravatar.com\/avatar\/1c4975fb532e58d49bd9f50bbc4c40e7ab2be8d490fd82482faae96356007cc3?s=96&d=mm&r=g\",\"caption\":\"catalunyacasas\"},\"url\":\"https:\/\/www.catalunyacasas.com\/blog\/author\/catalunyacasas\/\"}]}<\/script>\n<!-- \/ Yoast SEO plugin. -->","yoast_head_json":{"title":"Catalogne \u00e0 grandeur d'homme: Grands noms de Catalogne que vous connaissez sans doute d\u00e9j\u00e0 - Catalonia Vacation Blog","robots":{"index":"index","follow":"follow","max-snippet":"max-snippet:-1","max-image-preview":"max-image-preview:large","max-video-preview":"max-video-preview:-1"},"canonical":"https:\/\/www.catalunyacasas.com\/blog\/catalogne-a-grandeur-dhomme-grands-noms-de-catalogne-que-vous-connaissez-sans-doute-deja\/","og_locale":"en_US","og_type":"article","og_title":"Catalogne \u00e0 grandeur d'homme: Grands noms de Catalogne que vous connaissez sans doute d\u00e9j\u00e0 - Catalonia Vacation Blog","og_description":"Salvator Dali: N\u00e9 au d\u00e9but du vingti\u00e8me si\u00e8cle (1904), mort \u00e0 la fin des ann\u00e9es 80&#8242; (1989), il est difficile...","og_url":"https:\/\/www.catalunyacasas.com\/blog\/catalogne-a-grandeur-dhomme-grands-noms-de-catalogne-que-vous-connaissez-sans-doute-deja\/","og_site_name":"Catalonia Vacation Blog","article_published_time":"2016-01-02T19:06:43+00:00","og_image":[{"url":"https:\/\/fr-catalunyacasas.kigobook.com\/wp-content\/uploads\/sites\/916\/2018\/10\/shutterstock_101032684.jpg","type":"","width":"","height":""}],"author":"catalunyacasas","twitter_card":"summary_large_image","twitter_misc":{"Written by":"catalunyacasas","Est. reading time":"2 minutes"},"schema":{"@context":"https:\/\/schema.org","@graph":[{"@type":"WebPage","@id":"https:\/\/www.catalunyacasas.com\/blog\/catalogne-a-grandeur-dhomme-grands-noms-de-catalogne-que-vous-connaissez-sans-doute-deja\/","url":"https:\/\/www.catalunyacasas.com\/blog\/catalogne-a-grandeur-dhomme-grands-noms-de-catalogne-que-vous-connaissez-sans-doute-deja\/","name":"Catalogne \u00e0 grandeur d'homme: Grands noms de Catalogne que vous connaissez sans doute d\u00e9j\u00e0 - Catalonia Vacation Blog","isPartOf":{"@id":"https:\/\/www.catalunyacasas.com\/blog\/#website"},"primaryImageOfPage":{"@id":"https:\/\/www.catalunyacasas.com\/blog\/catalogne-a-grandeur-dhomme-grands-noms-de-catalogne-que-vous-connaissez-sans-doute-deja\/#primaryimage"},"image":{"@id":"https:\/\/www.catalunyacasas.com\/blog\/catalogne-a-grandeur-dhomme-grands-noms-de-catalogne-que-vous-connaissez-sans-doute-deja\/#primaryimage"},"thumbnailUrl":"https:\/\/fr-catalunyacasas.kigobook.com\/wp-content\/uploads\/sites\/916\/2018\/10\/shutterstock_101032684.jpg","datePublished":"2016-01-02T19:06:43+00:00","author":{"@id":"https:\/\/www.catalunyacasas.com\/blog\/#\/schema\/person\/cbeb34a93197a9e92612fdb6f3c469f7"},"breadcrumb":{"@id":"https:\/\/www.catalunyacasas.com\/blog\/catalogne-a-grandeur-dhomme-grands-noms-de-catalogne-que-vous-connaissez-sans-doute-deja\/#breadcrumb"},"inLanguage":"en-US","potentialAction":[{"@type":"ReadAction","target":["https:\/\/www.catalunyacasas.com\/blog\/catalogne-a-grandeur-dhomme-grands-noms-de-catalogne-que-vous-connaissez-sans-doute-deja\/"]}]},{"@type":"ImageObject","inLanguage":"en-US","@id":"https:\/\/www.catalunyacasas.com\/blog\/catalogne-a-grandeur-dhomme-grands-noms-de-catalogne-que-vous-connaissez-sans-doute-deja\/#primaryimage","url":"https:\/\/fr-catalunyacasas.kigobook.com\/wp-content\/uploads\/sites\/916\/2018\/10\/shutterstock_101032684.jpg","contentUrl":"https:\/\/fr-catalunyacasas.kigobook.com\/wp-content\/uploads\/sites\/916\/2018\/10\/shutterstock_101032684.jpg"},{"@type":"BreadcrumbList","@id":"https:\/\/www.catalunyacasas.com\/blog\/catalogne-a-grandeur-dhomme-grands-noms-de-catalogne-que-vous-connaissez-sans-doute-deja\/#breadcrumb","itemListElement":[{"@type":"ListItem","position":1,"name":"Home","item":"https:\/\/www.catalunyacasas.com\/blog\/"},{"@type":"ListItem","position":2,"name":"Catalogne \u00e0 grandeur d&#8217;homme: Grands noms de Catalogne que vous connaissez sans doute d\u00e9j\u00e0"}]},{"@type":"WebSite","@id":"https:\/\/www.catalunyacasas.com\/blog\/#website","url":"https:\/\/www.catalunyacasas.com\/blog\/","name":"Catalonia Vacation Blog","description":"Catalunya Casas","potentialAction":[{"@type":"SearchAction","target":{"@type":"EntryPoint","urlTemplate":"https:\/\/www.catalunyacasas.com\/blog\/?s={search_term_string}"},"query-input":{"@type":"PropertyValueSpecification","valueRequired":true,"valueName":"search_term_string"}}],"inLanguage":"en-US"},{"@type":"Person","@id":"https:\/\/www.catalunyacasas.com\/blog\/#\/schema\/person\/cbeb34a93197a9e92612fdb6f3c469f7","name":"catalunyacasas","image":{"@type":"ImageObject","inLanguage":"en-US","@id":"https:\/\/www.catalunyacasas.com\/blog\/#\/schema\/person\/image\/","url":"https:\/\/secure.gravatar.com\/avatar\/1c4975fb532e58d49bd9f50bbc4c40e7ab2be8d490fd82482faae96356007cc3?s=96&d=mm&r=g","contentUrl":"https:\/\/secure.gravatar.com\/avatar\/1c4975fb532e58d49bd9f50bbc4c40e7ab2be8d490fd82482faae96356007cc3?s=96&d=mm&r=g","caption":"catalunyacasas"},"url":"https:\/\/www.catalunyacasas.com\/blog\/author\/catalunyacasas\/"}]}},"_links":{"self":[{"href":"https:\/\/www.catalunyacasas.com\/blog\/wp-json\/wp\/v2\/posts\/21195","targetHints":{"allow":["GET"]}}],"collection":[{"href":"https:\/\/www.catalunyacasas.com\/blog\/wp-json\/wp\/v2\/posts"}],"about":[{"href":"https:\/\/www.catalunyacasas.com\/blog\/wp-json\/wp\/v2\/types\/post"}],"author":[{"embeddable":true,"href":"https:\/\/www.catalunyacasas.com\/blog\/wp-json\/wp\/v2\/users\/2"}],"replies":[{"embeddable":true,"href":"https:\/\/www.catalunyacasas.com\/blog\/wp-json\/wp\/v2\/comments?post=21195"}],"version-history":[{"count":0,"href":"https:\/\/www.catalunyacasas.com\/blog\/wp-json\/wp\/v2\/posts\/21195\/revisions"}],"wp:attachment":[{"href":"https:\/\/www.catalunyacasas.com\/blog\/wp-json\/wp\/v2\/media?parent=21195"}],"wp:term":[{"taxonomy":"category","embeddable":true,"href":"https:\/\/www.catalunyacasas.com\/blog\/wp-json\/wp\/v2\/categories?post=21195"},{"taxonomy":"post_tag","embeddable":true,"href":"https:\/\/www.catalunyacasas.com\/blog\/wp-json\/wp\/v2\/tags?post=21195"}],"curies":[{"name":"wp","href":"https:\/\/api.w.org\/{rel}","templated":true}]}}